{"id":133999,"date":"2021-06-10T14:00:00","date_gmt":"2021-06-10T12:00:00","guid":{"rendered":"https:\/\/www.sks-germany.com\/blog\/wohin-mit-der-fahrradflasche\/"},"modified":"2025-03-28T08:37:59","modified_gmt":"2025-03-28T07:37:59","slug":"wohin-mit-der-fahrradflasche","status":"publish","type":"post","link":"https:\/\/blog.sks-germany.com\/fr\/blog\/wohin-mit-der-fahrradflasche\/","title":{"rendered":"O\u00f9 placer son bidon de v\u00e9lo ?"},"content":{"rendered":"\r\n<div class=\"row\">\r\n  \r\n  \n\r\n<div class=\"row\">\r\n  \r\n  \n\n<h1 class=\"wp-block-heading has-medium-font-size\"><strong>Trois options de fixation ultimes pour votre porte-bidon<\/strong>.<\/h1>\n\n\n\n<p><\/p>\n\n\n\n<p>S\u00fbrement avez-vous d\u00e9j\u00e0 rencontr\u00e9 ce probl\u00e8me&nbsp;: Vous avez acquis un nouveau v\u00e9lo et l\u2019avez \u00e9quip\u00e9 de garde-boue, d\u2019une sonnette de v\u00e9lo et d\u2019autres accessoires. Mais o\u00f9 placer le bidon de v\u00e9lo&nbsp;? Des trous pour porte-bidon ne sont g\u00e9n\u00e9ralement pas disponibles, notamment sur les v\u00e9los \u00e9lectriques. De nombreuses g\u00e9om\u00e9tries n\u2019offrent souvent pas la possibilit\u00e9 de monter un porte-bidon.<\/p>\n\n\r\n<\/div>\n\r\n<\/div>\n\n\n<figure data-wp-context=\"{&quot;imageId&quot;:&quot;69f1dfb9d35a2&quot;}\" data-wp-interactive=\"core\/image\" class=\"wp-block-image size-large wp-lightbox-container\"><img loading=\"lazy\" decoding=\"async\" width=\"1024\" height=\"1024\" data-wp-class--hide=\"state.isContentHidden\" data-wp-class--show=\"state.isContentVisible\" data-wp-init=\"callbacks.setButtonStyles\" data-wp-on-async--click=\"actions.showLightbox\" data-wp-on-async--load=\"callbacks.setButtonStyles\" data-wp-on-async-window--resize=\"callbacks.setButtonStyles\" src=\"https:\/\/www.sks-germany.com\/inhalte\/uploads\/2021\/06\/wohin_mit_der_fahrradflasche_01-1-1024x1024.jpg\" alt=\"Photo montrant un VTTiste avec une gourde de v\u00e9lo\" class=\"wp-image-78016\" srcset=\"https:\/\/p682944.mittwaldserver.info\/sks-blog\/inhalte\/uploads\/2021\/06\/wohin_mit_der_fahrradflasche_01-1-1024x1024.jpg 1024w, https:\/\/p682944.mittwaldserver.info\/sks-blog\/inhalte\/uploads\/2021\/06\/wohin_mit_der_fahrradflasche_01-1-300x300.jpg 300w, https:\/\/p682944.mittwaldserver.info\/sks-blog\/inhalte\/uploads\/2021\/06\/wohin_mit_der_fahrradflasche_01-1-150x150.jpg 150w, https:\/\/p682944.mittwaldserver.info\/sks-blog\/inhalte\/uploads\/2021\/06\/wohin_mit_der_fahrradflasche_01-1-768x768.jpg 768w, https:\/\/p682944.mittwaldserver.info\/sks-blog\/inhalte\/uploads\/2021\/06\/wohin_mit_der_fahrradflasche_01-1-1536x1536.jpg 1536w, https:\/\/p682944.mittwaldserver.info\/sks-blog\/inhalte\/uploads\/2021\/06\/wohin_mit_der_fahrradflasche_01-1-50x50.jpg 50w, https:\/\/p682944.mittwaldserver.info\/sks-blog\/inhalte\/uploads\/2021\/06\/wohin_mit_der_fahrradflasche_01-1-600x600.jpg 600w, https:\/\/p682944.mittwaldserver.info\/sks-blog\/inhalte\/uploads\/2021\/06\/wohin_mit_der_fahrradflasche_01-1-360x360.jpg 360w, https:\/\/p682944.mittwaldserver.info\/sks-blog\/inhalte\/uploads\/2021\/06\/wohin_mit_der_fahrradflasche_01-1-895x895.jpg 895w, https:\/\/p682944.mittwaldserver.info\/sks-blog\/inhalte\/uploads\/2021\/06\/wohin_mit_der_fahrradflasche_01-1-448x448.jpg 448w, https:\/\/p682944.mittwaldserver.info\/sks-blog\/inhalte\/uploads\/2021\/06\/wohin_mit_der_fahrradflasche_01-1-500x500.jpg 500w, https:\/\/p682944.mittwaldserver.info\/sks-blog\/inhalte\/uploads\/2021\/06\/wohin_mit_der_fahrradflasche_01-1-1000x1000.jpg 1000w, https:\/\/p682944.mittwaldserver.info\/sks-blog\/inhalte\/uploads\/2021\/06\/wohin_mit_der_fahrradflasche_01-1-320x320.jpg 320w, https:\/\/p682944.mittwaldserver.info\/sks-blog\/inhalte\/uploads\/2021\/06\/wohin_mit_der_fahrradflasche_01-1.jpg 1772w\" sizes=\"auto, (max-width: 1024px) 100vw, 1024px\" \/><button\n\t\t\tclass=\"lightbox-trigger\"\n\t\t\ttype=\"button\"\n\t\t\taria-haspopup=\"dialog\"\n\t\t\taria-label=\"Agrandir l\u2019image\u00a0: Photo montrant un VTTiste avec une gourde de v\u00e9lo\"\n\t\t\tdata-wp-init=\"callbacks.initTriggerButton\"\n\t\t\tdata-wp-on-async--click=\"actions.showLightbox\"\n\t\t\tdata-wp-style--right=\"state.imageButtonRight\"\n\t\t\tdata-wp-style--top=\"state.imageButtonTop\"\n\t\t>\n\t\t\t<svg xmlns=\"http:\/\/www.w3.org\/2000\/svg\" width=\"12\" height=\"12\" fill=\"none\" viewBox=\"0 0 12 12\">\n\t\t\t\t<path fill=\"#fff\" d=\"M2 0a2 2 0 0 0-2 2v2h1.5V2a.5.5 0 0 1 .5-.5h2V0H2Zm2 10.5H2a.5.5 0 0 1-.5-.5V8H0v2a2 2 0 0 0 2 2h2v-1.5ZM8 12v-1.5h2a.5.5 0 0 0 .5-.5V8H12v2a2 2 0 0 1-2 2H8Zm2-12a2 2 0 0 1 2 2v2h-1.5V2a.5.5 0 0 0-.5-.5H8V0h2Z\" \/>\n\t\t\t<\/svg>\n\t\t<\/button><\/figure>\n\n\n\n<p>Mais en particulier lors de randonn\u00e9es \u00e0 v\u00e9lo par des temp\u00e9ratures estivales, il est essentiel d\u2019emporter suffisamment d\u2019eau pour r\u00e9guler l\u2019\u00e9quilibre hydrique de votre corps et maintenir vos performances. Alors que faire si le cadre du v\u00e9lo n\u2019offre pas de place pour un porte-bidon&nbsp;?&nbsp;<\/p>\n\n\n\n<p><strong>Option 1&nbsp;: N\u2019importe o\u00f9 et partout<\/strong><strong><\/strong><\/p>\n\n\n\n<h2 class=\"wp-block-heading has-medium-font-size\"><strong>Le syst\u00e8me de fixation ANYWHERE<\/strong><\/h2>\n\n\n\n<p>Les porte-bidons SKS <a href=\"https:\/\/www.sks-germany.com\/fr\/Produits\/Porte-bidon-Bidons\/ANYWHERE-TOPCAGE.htm?a=article&amp;ProdNr=11231&amp;p=1019\">TOPCAGE <\/a>et <a href=\"https:\/\/www.sks-germany.com\/fr\/Produits\/Porte-bidon-Bidons\/ANYWHERE-VELOCAGE.htm?a=article&amp;ProdNr=11569&amp;p=1019\">VELOCAGE <\/a>peuvent \u00eatre fix\u00e9s \u00e0 l\u2019aide de sangles et d\u2019adaptateurs l\u00e0 o\u00f9 aucun trou n\u2019existe.<\/p>\n\n\n\n<figure class=\"wp-block-image size-large\"><a href=\"https:\/\/www.sks-germany.com\/fr\/Produits\/Porte-bidon-Bidons\/ANYWHERE.htm?a=article&amp;ProdNr=11313&amp;p=1019\"><img loading=\"lazy\" decoding=\"async\" width=\"1024\" height=\"1024\" src=\"https:\/\/www.sks-germany.com\/inhalte\/uploads\/2021\/06\/wohin_mit_der_fahrradflasche_02-1024x1024.jpg\" alt=\"Photo montrant le syst\u00e8me de fixation ANYWHERE sur le cadre du v\u00e9lo.\" class=\"wp-image-78013\" srcset=\"https:\/\/p682944.mittwaldserver.info\/sks-blog\/inhalte\/uploads\/2021\/06\/wohin_mit_der_fahrradflasche_02-1024x1024.jpg 1024w, https:\/\/p682944.mittwaldserver.info\/sks-blog\/inhalte\/uploads\/2021\/06\/wohin_mit_der_fahrradflasche_02-300x300.jpg 300w, https:\/\/p682944.mittwaldserver.info\/sks-blog\/inhalte\/uploads\/2021\/06\/wohin_mit_der_fahrradflasche_02-150x150.jpg 150w, https:\/\/p682944.mittwaldserver.info\/sks-blog\/inhalte\/uploads\/2021\/06\/wohin_mit_der_fahrradflasche_02-768x768.jpg 768w, https:\/\/p682944.mittwaldserver.info\/sks-blog\/inhalte\/uploads\/2021\/06\/wohin_mit_der_fahrradflasche_02-1536x1536.jpg 1536w, https:\/\/p682944.mittwaldserver.info\/sks-blog\/inhalte\/uploads\/2021\/06\/wohin_mit_der_fahrradflasche_02-50x50.jpg 50w, https:\/\/p682944.mittwaldserver.info\/sks-blog\/inhalte\/uploads\/2021\/06\/wohin_mit_der_fahrradflasche_02-600x600.jpg 600w, https:\/\/p682944.mittwaldserver.info\/sks-blog\/inhalte\/uploads\/2021\/06\/wohin_mit_der_fahrradflasche_02-360x360.jpg 360w, https:\/\/p682944.mittwaldserver.info\/sks-blog\/inhalte\/uploads\/2021\/06\/wohin_mit_der_fahrradflasche_02-895x895.jpg 895w, https:\/\/p682944.mittwaldserver.info\/sks-blog\/inhalte\/uploads\/2021\/06\/wohin_mit_der_fahrradflasche_02-448x448.jpg 448w, https:\/\/p682944.mittwaldserver.info\/sks-blog\/inhalte\/uploads\/2021\/06\/wohin_mit_der_fahrradflasche_02-500x500.jpg 500w, https:\/\/p682944.mittwaldserver.info\/sks-blog\/inhalte\/uploads\/2021\/06\/wohin_mit_der_fahrradflasche_02-1000x1000.jpg 1000w, https:\/\/p682944.mittwaldserver.info\/sks-blog\/inhalte\/uploads\/2021\/06\/wohin_mit_der_fahrradflasche_02-320x320.jpg 320w, https:\/\/p682944.mittwaldserver.info\/sks-blog\/inhalte\/uploads\/2021\/06\/wohin_mit_der_fahrradflasche_02.jpg 1772w\" sizes=\"auto, (max-width: 1024px) 100vw, 1024px\" \/><\/a><\/figure>\n\n\n\n<p>Les <a href=\"https:\/\/www.sks-germany.com\/fr\/Produits\/Porte-bidon-Bidons\/ANYWHERE.htm?a=article&amp;ProdNr=11313&amp;p=1019\">adaptateurs <\/a>sont fix\u00e9s \u00e0 l\u2019aide de bandes velcro r\u00e9sistantes qui peuvent facilement \u00eatre raccourcies. La surface caoutchout\u00e9e prot\u00e8ge la peinture et garantit que rien ne glisse, m\u00eame en terrain accident\u00e9.&nbsp;\u00c9galement compatible avec les porte-bidons SKS DUAL (SC), PURE, SLIDECAGE, WIRE CAGE et SPACECAGE.<\/p>\n\n\n\n<figure class=\"wp-block-image size-large\"><a href=\"https:\/\/www.sks-germany.com\/fr\/Produits\/Porte-bidon-Bidons\/ANYWHERE.htm?a=article&amp;ProdNr=11313&amp;p=1019\"><img loading=\"lazy\" decoding=\"async\" width=\"1024\" height=\"1024\" src=\"https:\/\/www.sks-germany.com\/inhalte\/uploads\/2021\/06\/wohin_mit_der_fahrradflasche_03-1024x1024.jpg\" alt=\"Photo montrant un VTT avec plusieurs bidons, fix\u00e9s avec le porte-bidon ANYWHERE.\" class=\"wp-image-78019\" srcset=\"https:\/\/p682944.mittwaldserver.info\/sks-blog\/inhalte\/uploads\/2021\/06\/wohin_mit_der_fahrradflasche_03-1024x1024.jpg 1024w, https:\/\/p682944.mittwaldserver.info\/sks-blog\/inhalte\/uploads\/2021\/06\/wohin_mit_der_fahrradflasche_03-300x300.jpg 300w, https:\/\/p682944.mittwaldserver.info\/sks-blog\/inhalte\/uploads\/2021\/06\/wohin_mit_der_fahrradflasche_03-150x150.jpg 150w, https:\/\/p682944.mittwaldserver.info\/sks-blog\/inhalte\/uploads\/2021\/06\/wohin_mit_der_fahrradflasche_03-768x768.jpg 768w, https:\/\/p682944.mittwaldserver.info\/sks-blog\/inhalte\/uploads\/2021\/06\/wohin_mit_der_fahrradflasche_03-1536x1536.jpg 1536w, https:\/\/p682944.mittwaldserver.info\/sks-blog\/inhalte\/uploads\/2021\/06\/wohin_mit_der_fahrradflasche_03-50x50.jpg 50w, https:\/\/p682944.mittwaldserver.info\/sks-blog\/inhalte\/uploads\/2021\/06\/wohin_mit_der_fahrradflasche_03-600x600.jpg 600w, https:\/\/p682944.mittwaldserver.info\/sks-blog\/inhalte\/uploads\/2021\/06\/wohin_mit_der_fahrradflasche_03-360x360.jpg 360w, https:\/\/p682944.mittwaldserver.info\/sks-blog\/inhalte\/uploads\/2021\/06\/wohin_mit_der_fahrradflasche_03-895x895.jpg 895w, https:\/\/p682944.mittwaldserver.info\/sks-blog\/inhalte\/uploads\/2021\/06\/wohin_mit_der_fahrradflasche_03-448x448.jpg 448w, https:\/\/p682944.mittwaldserver.info\/sks-blog\/inhalte\/uploads\/2021\/06\/wohin_mit_der_fahrradflasche_03-500x500.jpg 500w, https:\/\/p682944.mittwaldserver.info\/sks-blog\/inhalte\/uploads\/2021\/06\/wohin_mit_der_fahrradflasche_03-1000x1000.jpg 1000w, https:\/\/p682944.mittwaldserver.info\/sks-blog\/inhalte\/uploads\/2021\/06\/wohin_mit_der_fahrradflasche_03-320x320.jpg 320w, https:\/\/p682944.mittwaldserver.info\/sks-blog\/inhalte\/uploads\/2021\/06\/wohin_mit_der_fahrradflasche_03.jpg 1772w\" sizes=\"auto, (max-width: 1024px) 100vw, 1024px\" \/><\/a><\/figure>\n\n\n\n<p>Parfait pour les randonn\u00e9es plus longues ou les aventures de bikepacking&nbsp;: gr\u00e2ce au syst\u00e8me ANYWHERE, vous pouvez emporter plusieurs bidons.<\/p>\n\n\n\n<p><strong>Option 2&nbsp;: Fixation rapide et articul\u00e9e<\/strong><strong><\/strong><\/p>\n\n\n\n<h2 class=\"wp-block-heading has-medium-font-size\"><strong>Le BOTTLE CAGE ADAPTER<\/strong><\/h2>\n\n\n\n<p>Une fois viss\u00e9 \u00e0 <a href=\"https:\/\/www.sks-germany.com\/fr\/Produits\/Porte-bidon-Bidons\/BOTTLE-CAGE-ADAPTER.htm?a=article&amp;ProdNr=10505&amp;p=1019\/\">l\u2019adaptateur<\/a>, le porte-bidon peut \u00eatre mont\u00e9 et d\u00e9mont\u00e9 en quelques secondes gr\u00e2ce au syst\u00e8me de serrage \u00e9prouv\u00e9 \u00ab&nbsp;Quick Release&nbsp;\u00bb. La sangle robuste r\u00e9glable permet de fixer le porte-bidon \u00e0 la tige de selle, \u00e0 la potence ou au cadre du v\u00e9lo. Gr\u00e2ce au r\u00e9glage de l\u2019angle, le bidon est toujours parfaitement orient\u00e9&nbsp;: l\u2019inclinaison du porte-bidon peut \u00eatre r\u00e9gl\u00e9e par simple pression sur un bouton.<\/p>\n\n\n\n<figure class=\"wp-block-image size-large\"><a href=\"https:\/\/www.sks-germany.com\/fr\/Produits\/Porte-bidon-Bidons\/BOTTLE-CAGE-ADAPTER.htm?a=article&amp;ProdNr=10505&amp;p=1019\"><img loading=\"lazy\" decoding=\"async\" width=\"1024\" height=\"1024\" src=\"https:\/\/www.sks-germany.com\/inhalte\/uploads\/2021\/06\/wohin_mit_der_fahrradflasche_04-1024x1024.jpg\" alt=\"La bouteille est ins\u00e9r\u00e9e dans le porte-bidon Bottle Cage Adapter.\" class=\"wp-image-78022\" srcset=\"https:\/\/p682944.mittwaldserver.info\/sks-blog\/inhalte\/uploads\/2021\/06\/wohin_mit_der_fahrradflasche_04-1024x1024.jpg 1024w, https:\/\/p682944.mittwaldserver.info\/sks-blog\/inhalte\/uploads\/2021\/06\/wohin_mit_der_fahrradflasche_04-300x300.jpg 300w, https:\/\/p682944.mittwaldserver.info\/sks-blog\/inhalte\/uploads\/2021\/06\/wohin_mit_der_fahrradflasche_04-150x150.jpg 150w, https:\/\/p682944.mittwaldserver.info\/sks-blog\/inhalte\/uploads\/2021\/06\/wohin_mit_der_fahrradflasche_04-768x768.jpg 768w, https:\/\/p682944.mittwaldserver.info\/sks-blog\/inhalte\/uploads\/2021\/06\/wohin_mit_der_fahrradflasche_04-1536x1536.jpg 1536w, https:\/\/p682944.mittwaldserver.info\/sks-blog\/inhalte\/uploads\/2021\/06\/wohin_mit_der_fahrradflasche_04-50x50.jpg 50w, https:\/\/p682944.mittwaldserver.info\/sks-blog\/inhalte\/uploads\/2021\/06\/wohin_mit_der_fahrradflasche_04-600x600.jpg 600w, https:\/\/p682944.mittwaldserver.info\/sks-blog\/inhalte\/uploads\/2021\/06\/wohin_mit_der_fahrradflasche_04-360x360.jpg 360w, https:\/\/p682944.mittwaldserver.info\/sks-blog\/inhalte\/uploads\/2021\/06\/wohin_mit_der_fahrradflasche_04-895x895.jpg 895w, https:\/\/p682944.mittwaldserver.info\/sks-blog\/inhalte\/uploads\/2021\/06\/wohin_mit_der_fahrradflasche_04-448x448.jpg 448w, https:\/\/p682944.mittwaldserver.info\/sks-blog\/inhalte\/uploads\/2021\/06\/wohin_mit_der_fahrradflasche_04-500x500.jpg 500w, https:\/\/p682944.mittwaldserver.info\/sks-blog\/inhalte\/uploads\/2021\/06\/wohin_mit_der_fahrradflasche_04-1000x1000.jpg 1000w, https:\/\/p682944.mittwaldserver.info\/sks-blog\/inhalte\/uploads\/2021\/06\/wohin_mit_der_fahrradflasche_04-320x320.jpg 320w, https:\/\/p682944.mittwaldserver.info\/sks-blog\/inhalte\/uploads\/2021\/06\/wohin_mit_der_fahrradflasche_04.jpg 1772w\" sizes=\"auto, (max-width: 1024px) 100vw, 1024px\" \/><\/a><\/figure>\n\n\n\n<p><strong>Option 3&nbsp;: Une combinaison intelligente<\/strong><strong><\/strong><\/p>\n\n\n\n<h2 class=\"wp-block-heading has-medium-font-size\"><strong>Le syst\u00e8me de porte-bidon COM\/CAGE VELO<\/strong><\/h2>\n\n\n\n<p>Quel est le rapport entre un support de t\u00e9l\u00e9phone portable et un porte-bidon&nbsp;? Dans le cas du <a href=\"https:\/\/www.sks-germany.com\/fr\/Produits\/Supports-pour-smartphone\/COM-CAGE-VELO.htm?a=article&amp;ProdNr=11608&amp;p=1025\">COM\/CAGE VELO<\/a>, il existe un grand rapport. Un adaptateur permet de connecter le porte-bidon au support pour smartphone COMPIT.&nbsp;En le pla\u00e7ant sur le guidon, le bidon est facilement accessible \u00e0 tout moment, ce qui permet au cycliste de facilement le retirer.<\/p>\n\n\n\n<figure class=\"wp-block-image size-large\"><a href=\"https:\/\/www.sks-germany.com\/fr\/Produits\/Supports-pour-smartphone\/COM-CAGE-VELO.htm?a=article&amp;ProdNr=11608&amp;p=1025\"><img loading=\"lazy\" decoding=\"async\" width=\"1024\" height=\"1024\" src=\"https:\/\/www.sks-germany.com\/inhalte\/uploads\/2021\/06\/wohin_mit_der_fahrradflasche_05-1024x1024.jpg\" alt=\"La photo montre comment une bouteille de v\u00e9lo est ins\u00e9r\u00e9e dans le porte-bidon COM CAGE VELO.\" class=\"wp-image-78007\" srcset=\"https:\/\/p682944.mittwaldserver.info\/sks-blog\/inhalte\/uploads\/2021\/06\/wohin_mit_der_fahrradflasche_05-1024x1024.jpg 1024w, https:\/\/p682944.mittwaldserver.info\/sks-blog\/inhalte\/uploads\/2021\/06\/wohin_mit_der_fahrradflasche_05-300x300.jpg 300w, https:\/\/p682944.mittwaldserver.info\/sks-blog\/inhalte\/uploads\/2021\/06\/wohin_mit_der_fahrradflasche_05-150x150.jpg 150w, https:\/\/p682944.mittwaldserver.info\/sks-blog\/inhalte\/uploads\/2021\/06\/wohin_mit_der_fahrradflasche_05-768x768.jpg 768w, https:\/\/p682944.mittwaldserver.info\/sks-blog\/inhalte\/uploads\/2021\/06\/wohin_mit_der_fahrradflasche_05-1536x1536.jpg 1536w, https:\/\/p682944.mittwaldserver.info\/sks-blog\/inhalte\/uploads\/2021\/06\/wohin_mit_der_fahrradflasche_05-50x50.jpg 50w, https:\/\/p682944.mittwaldserver.info\/sks-blog\/inhalte\/uploads\/2021\/06\/wohin_mit_der_fahrradflasche_05-600x600.jpg 600w, https:\/\/p682944.mittwaldserver.info\/sks-blog\/inhalte\/uploads\/2021\/06\/wohin_mit_der_fahrradflasche_05-360x360.jpg 360w, https:\/\/p682944.mittwaldserver.info\/sks-blog\/inhalte\/uploads\/2021\/06\/wohin_mit_der_fahrradflasche_05-895x895.jpg 895w, https:\/\/p682944.mittwaldserver.info\/sks-blog\/inhalte\/uploads\/2021\/06\/wohin_mit_der_fahrradflasche_05-448x448.jpg 448w, https:\/\/p682944.mittwaldserver.info\/sks-blog\/inhalte\/uploads\/2021\/06\/wohin_mit_der_fahrradflasche_05-500x500.jpg 500w, https:\/\/p682944.mittwaldserver.info\/sks-blog\/inhalte\/uploads\/2021\/06\/wohin_mit_der_fahrradflasche_05-1000x1000.jpg 1000w, https:\/\/p682944.mittwaldserver.info\/sks-blog\/inhalte\/uploads\/2021\/06\/wohin_mit_der_fahrradflasche_05-320x320.jpg 320w, https:\/\/p682944.mittwaldserver.info\/sks-blog\/inhalte\/uploads\/2021\/06\/wohin_mit_der_fahrradflasche_05.jpg 1772w\" sizes=\"auto, (max-width: 1024px) 100vw, 1024px\" \/><\/a><\/figure>\n\n\n\n<p>Au fait! Pour les v\u00e9los \u00e9lectriques \u00e9quip\u00e9s du syst\u00e8me d\u2019entra\u00eenement <a href=\"https:\/\/www.bosch-ebike.com\/de\/produkte\/akkus\">Bosch<\/a>, le porte-bidon peut \u00e9galement \u00eatre utilis\u00e9 sans le syst\u00e8me <a href=\"https:\/\/www.sks-germany.com\/fr\/Produits\/Supports-pour-smartphone\/COMPIT.htm?a=article&amp;ProdNr=11798&amp;p=1025\">COMPIT<\/a>. Des adaptateurs sont disponibles en option pour le montage sur l\u2019\u00e9cran.<br><\/p>\n\n\n\n<p><strong>Dernier point mais non le moindre<\/strong><strong><\/strong><\/p>\n\n\n\n<p>Ces trois options de fixation constituent une v\u00e9ritable alternative aux mod\u00e8les viss\u00e9s sur le cadre&nbsp;; en effet, elles offrent les avantages suppl\u00e9mentaires suivants&nbsp;: les cyclistes qui appr\u00e9cient un aspect soign\u00e9 ne veulent souvent monter un porte-bidon que si n\u00e9cessaire. De plus, les petites aides permettent d\u2019attacher plusieurs bidons au v\u00e9lo. Enfin, les syst\u00e8mes obtiennent \u00e9galement les meilleures notes en mati\u00e8re de stabilit\u00e9 sur terrain accident\u00e9.<\/p>\n","protected":false},"excerpt":{"rendered":"<p>Mais en particulier lors de randonn\u00e9es \u00e0 v\u00e9lo par des temp\u00e9ratures estivales, il est essentiel d\u2019emporter suffisamment d\u2019eau pour r\u00e9guler l\u2019\u00e9quilibre hydrique de votre corps et maintenir vos performances. Alors [&hellip;]<\/p>\n","protected":false},"author":5,"featured_media":104359,"comment_status":"closed","ping_status":"closed","sticky":false,"template":"","format":"standard","meta":{"_acf_changed":false,"footnotes":""},"categories":[964],"tags":[],"class_list":["post-133999","post","type-post","status-publish","format-standard","has-post-thumbnail","hentry","category-conseils"],"acf":[],"_links":{"self":[{"href":"https:\/\/blog.sks-germany.com\/fr\/wp-json\/wp\/v2\/posts\/133999","targetHints":{"allow":["GET"]}}],"collection":[{"href":"https:\/\/blog.sks-germany.com\/fr\/wp-json\/wp\/v2\/posts"}],"about":[{"href":"https:\/\/blog.sks-germany.com\/fr\/wp-json\/wp\/v2\/types\/post"}],"author":[{"embeddable":true,"href":"https:\/\/blog.sks-germany.com\/fr\/wp-json\/wp\/v2\/users\/5"}],"replies":[{"embeddable":true,"href":"https:\/\/blog.sks-germany.com\/fr\/wp-json\/wp\/v2\/comments?post=133999"}],"version-history":[{"count":2,"href":"https:\/\/blog.sks-germany.com\/fr\/wp-json\/wp\/v2\/posts\/133999\/revisions"}],"predecessor-version":[{"id":150666,"href":"https:\/\/blog.sks-germany.com\/fr\/wp-json\/wp\/v2\/posts\/133999\/revisions\/150666"}],"wp:featuredmedia":[{"embeddable":true,"href":"https:\/\/blog.sks-germany.com\/fr\/wp-json\/wp\/v2\/media\/104359"}],"wp:attachment":[{"href":"https:\/\/blog.sks-germany.com\/fr\/wp-json\/wp\/v2\/media?parent=133999"}],"wp:term":[{"taxonomy":"category","embeddable":true,"href":"https:\/\/blog.sks-germany.com\/fr\/wp-json\/wp\/v2\/categories?post=133999"},{"taxonomy":"post_tag","embeddable":true,"href":"https:\/\/blog.sks-germany.com\/fr\/wp-json\/wp\/v2\/tags?post=133999"}],"curies":[{"name":"wp","href":"https:\/\/api.w.org\/{rel}","templated":true}]}}