{"id":148984,"date":"2024-09-03T07:27:22","date_gmt":"2024-09-03T05:27:22","guid":{"rendered":"https:\/\/www.sks-germany.com\/?p=148984"},"modified":"2025-03-28T07:51:48","modified_gmt":"2025-03-28T06:51:48","slug":"sks-germany-a-nouveau-designe-employeur-cyclophile","status":"publish","type":"post","link":"https:\/\/blog.sks-germany.com\/fr\/blog\/sks-germany-a-nouveau-designe-employeur-cyclophile\/","title":{"rendered":"SKS GERMANY \u00e0 nouveau d\u00e9sign\u00e9 \u00ab\u00a0Employeur cyclophile\u00a0\u00bb"},"content":{"rendered":"\n<p><strong>R\u00e9compens\u00e9 par le certificat en or<\/strong>!<\/p>\n\n\n\n<p>Grande satisfaction chez SKS&nbsp;GERMANY&nbsp;: L\u2019entreprise s\u2019est vue d\u00e9cerner le certificat europ\u00e9en \u00ab&nbsp;Employeur cyclophile&nbsp;\u00bb en or par le Club de cyclisme allemand (ADFC). \u00ab&nbsp;SKS GERMANY soutient les employ\u00e9s qui utilisent le v\u00e9lo pour se rendre au travail par diff\u00e9rentes mesures et peut ainsi marquer des points sur les th\u00e8mes de la durabilit\u00e9, de la sant\u00e9 et de la gestion de la mobilit\u00e9&nbsp;\u00bb, explique Sara Tsudome, chef de projet ADFC.&nbsp;<\/p>\n\n\n\n<figure class=\"wp-block-image size-large\"><a href=\"https:\/\/www.sks-germany.com\/inhalte\/uploads\/2024\/08\/umkleide.jpg\"><img loading=\"lazy\" decoding=\"async\" width=\"1024\" height=\"1024\" src=\"https:\/\/www.sks-germany.com\/inhalte\/uploads\/2024\/08\/umkleide-1024x1024.jpg\" alt=\"Cabine d'essayage de la salle de sport\" class=\"wp-image-148973\" srcset=\"https:\/\/p682944.mittwaldserver.info\/sks-blog\/inhalte\/uploads\/2024\/08\/umkleide-1024x1024.jpg 1024w, https:\/\/p682944.mittwaldserver.info\/sks-blog\/inhalte\/uploads\/2024\/08\/umkleide-300x300.jpg 300w, https:\/\/p682944.mittwaldserver.info\/sks-blog\/inhalte\/uploads\/2024\/08\/umkleide-150x150.jpg 150w, https:\/\/p682944.mittwaldserver.info\/sks-blog\/inhalte\/uploads\/2024\/08\/umkleide-768x768.jpg 768w, https:\/\/p682944.mittwaldserver.info\/sks-blog\/inhalte\/uploads\/2024\/08\/umkleide-50x50.jpg 50w, https:\/\/p682944.mittwaldserver.info\/sks-blog\/inhalte\/uploads\/2024\/08\/umkleide-600x600.jpg 600w, https:\/\/p682944.mittwaldserver.info\/sks-blog\/inhalte\/uploads\/2024\/08\/umkleide-360x360.jpg 360w, https:\/\/p682944.mittwaldserver.info\/sks-blog\/inhalte\/uploads\/2024\/08\/umkleide-895x895.jpg 895w, https:\/\/p682944.mittwaldserver.info\/sks-blog\/inhalte\/uploads\/2024\/08\/umkleide-448x448.jpg 448w, https:\/\/p682944.mittwaldserver.info\/sks-blog\/inhalte\/uploads\/2024\/08\/umkleide-500x500.jpg 500w, https:\/\/p682944.mittwaldserver.info\/sks-blog\/inhalte\/uploads\/2024\/08\/umkleide-1000x1000.jpg 1000w, https:\/\/p682944.mittwaldserver.info\/sks-blog\/inhalte\/uploads\/2024\/08\/umkleide-320x320.jpg 320w, https:\/\/p682944.mittwaldserver.info\/sks-blog\/inhalte\/uploads\/2024\/08\/umkleide.jpg 1181w\" sizes=\"auto, (max-width: 1024px) 100vw, 1024px\" \/><\/a><\/figure>\n\n\n\n<p>Dans le cadre de l\u2019audit, SKS GERMANY a su convaincre avec des offres compl\u00e8tes pour ses employ\u00e9s. Il s\u2019agit notamment d\u2019un espace de stationnement s\u00e9curis\u00e9 pour les v\u00e9los avec des stations de recharge pour les v\u00e9los \u00e9lectriques, de vestiaires et de douches, d\u2019un atelier de r\u00e9paration de v\u00e9los et de la possibilit\u00e9 de louer un v\u00e9lo de service. Gr\u00e2ce \u00e0 ces mesures, il est particuli\u00e8rement facile pour les pendulaires de SKS d\u2019utiliser le v\u00e9lo pour leurs trajets quotidiens.&nbsp;<\/p>\n\n\n\n<p>En 2018 et 2021, SKS GERMANY avait d\u00e9j\u00e0 obtenu le certificat d\u2019argent, ce qui rend l\u2019obtention du statut d\u2019or d\u2019autant plus gratifiante. \u00ab&nbsp;M\u00eame si cette distinction n\u2019est certainement pas une surprise pour nous en tant qu\u2019entreprise du secteur du v\u00e9lo, cette reconnaissance nous rend fiers&nbsp;\u00bb, d\u00e9clare le directeur des ressources humaines Josef Levermann. \u00ab&nbsp;La promotion des d\u00e9placements professionnels \u00e0 v\u00e9lo co\u00efncide avec les objectifs de notre strat\u00e9gie de durabilit\u00e9&nbsp;\u00bb. Christoph Hillebrand, responsable de la gestion de la sant\u00e9 en entreprise, se montre \u00e9galement ravi&nbsp;: \u00ab&nbsp;C\u2019est pr\u00e9cis\u00e9ment dans l\u2019optique de la promotion de la sant\u00e9 et du bien-\u00eatre de nos employ\u00e9s que ce certificat repr\u00e9sente une belle r\u00e9compense de nos efforts&nbsp;\u00bb.<\/p>\n\n\n\n<figure class=\"wp-block-image size-large\"><a href=\"https:\/\/www.sks-germany.com\/inhalte\/uploads\/2024\/08\/verleihung.jpg\"><img loading=\"lazy\" decoding=\"async\" width=\"1024\" height=\"1024\" src=\"https:\/\/www.sks-germany.com\/inhalte\/uploads\/2024\/08\/verleihung-1024x1024.jpg\" alt=\"Remise solennelle du certificat aux personnes concern\u00e9es\" class=\"wp-image-148977\" srcset=\"https:\/\/p682944.mittwaldserver.info\/sks-blog\/inhalte\/uploads\/2024\/08\/verleihung-1024x1024.jpg 1024w, https:\/\/p682944.mittwaldserver.info\/sks-blog\/inhalte\/uploads\/2024\/08\/verleihung-300x300.jpg 300w, https:\/\/p682944.mittwaldserver.info\/sks-blog\/inhalte\/uploads\/2024\/08\/verleihung-150x150.jpg 150w, https:\/\/p682944.mittwaldserver.info\/sks-blog\/inhalte\/uploads\/2024\/08\/verleihung-768x768.jpg 768w, https:\/\/p682944.mittwaldserver.info\/sks-blog\/inhalte\/uploads\/2024\/08\/verleihung-1536x1536.jpg 1536w, https:\/\/p682944.mittwaldserver.info\/sks-blog\/inhalte\/uploads\/2024\/08\/verleihung-50x50.jpg 50w, https:\/\/p682944.mittwaldserver.info\/sks-blog\/inhalte\/uploads\/2024\/08\/verleihung-600x600.jpg 600w, https:\/\/p682944.mittwaldserver.info\/sks-blog\/inhalte\/uploads\/2024\/08\/verleihung-360x360.jpg 360w, https:\/\/p682944.mittwaldserver.info\/sks-blog\/inhalte\/uploads\/2024\/08\/verleihung-895x895.jpg 895w, https:\/\/p682944.mittwaldserver.info\/sks-blog\/inhalte\/uploads\/2024\/08\/verleihung-448x448.jpg 448w, https:\/\/p682944.mittwaldserver.info\/sks-blog\/inhalte\/uploads\/2024\/08\/verleihung-500x500.jpg 500w, https:\/\/p682944.mittwaldserver.info\/sks-blog\/inhalte\/uploads\/2024\/08\/verleihung-1000x1000.jpg 1000w, https:\/\/p682944.mittwaldserver.info\/sks-blog\/inhalte\/uploads\/2024\/08\/verleihung-320x320.jpg 320w, https:\/\/p682944.mittwaldserver.info\/sks-blog\/inhalte\/uploads\/2024\/08\/verleihung.jpg 1772w\" sizes=\"auto, (max-width: 1024px) 100vw, 1024px\" \/><\/a><\/figure>\n\n\n\n<p>Remise du certificat \u00ab&nbsp;Employeur cyclophile&nbsp;\u00bb en or (de g. \u00e0 dr.)&nbsp;: Michael Beste (directeur), Christoph Hillebrand (gestion de la sant\u00e9 en entreprise), Andreas K. Bittner (auditeur ADFC) et Josef Levermann (directeur des ressources humaines).<\/p>\n","protected":false},"excerpt":{"rendered":"<p>R\u00e9compens\u00e9 par le certificat en or! Grande satisfaction chez SKS&nbsp;GERMANY&nbsp;: L\u2019entreprise s\u2019est vue d\u00e9cerner le certificat europ\u00e9en \u00ab&nbsp;Employeur cyclophile&nbsp;\u00bb en or par le Club de cyclisme allemand (ADFC). \u00ab&nbsp;SKS GERMANY [&hellip;]<\/p>\n","protected":false},"author":5,"featured_media":148980,"comment_status":"closed","ping_status":"closed","sticky":false,"template":"","format":"standard","meta":{"_acf_changed":false,"footnotes":""},"categories":[953],"tags":[],"class_list":["post-148984","post","type-post","status-publish","format-standard","has-post-thumbnail","hentry","category-nouvelles"],"acf":[],"_links":{"self":[{"href":"https:\/\/blog.sks-germany.com\/fr\/wp-json\/wp\/v2\/posts\/148984","targetHints":{"allow":["GET"]}}],"collection":[{"href":"https:\/\/blog.sks-germany.com\/fr\/wp-json\/wp\/v2\/posts"}],"about":[{"href":"https:\/\/blog.sks-germany.com\/fr\/wp-json\/wp\/v2\/types\/post"}],"author":[{"embeddable":true,"href":"https:\/\/blog.sks-germany.com\/fr\/wp-json\/wp\/v2\/users\/5"}],"replies":[{"embeddable":true,"href":"https:\/\/blog.sks-germany.com\/fr\/wp-json\/wp\/v2\/comments?post=148984"}],"version-history":[{"count":2,"href":"https:\/\/blog.sks-germany.com\/fr\/wp-json\/wp\/v2\/posts\/148984\/revisions"}],"predecessor-version":[{"id":150533,"href":"https:\/\/blog.sks-germany.com\/fr\/wp-json\/wp\/v2\/posts\/148984\/revisions\/150533"}],"wp:featuredmedia":[{"embeddable":true,"href":"https:\/\/blog.sks-germany.com\/fr\/wp-json\/wp\/v2\/media\/148980"}],"wp:attachment":[{"href":"https:\/\/blog.sks-germany.com\/fr\/wp-json\/wp\/v2\/media?parent=148984"}],"wp:term":[{"taxonomy":"category","embeddable":true,"href":"https:\/\/blog.sks-germany.com\/fr\/wp-json\/wp\/v2\/categories?post=148984"},{"taxonomy":"post_tag","embeddable":true,"href":"https:\/\/blog.sks-germany.com\/fr\/wp-json\/wp\/v2\/tags?post=148984"}],"curies":[{"name":"wp","href":"https:\/\/api.w.org\/{rel}","templated":true}]}}